{"id":9241,"date":"2025-03-20T10:45:50","date_gmt":"2025-03-20T10:45:50","guid":{"rendered":"https:\/\/balzarini.art\/?p=9241"},"modified":"2025-04-24T15:36:26","modified_gmt":"2025-04-24T15:36:26","slug":"des-lachens-letzter-sommer","status":"publish","type":"post","link":"https:\/\/balzarini.art\/en\/2025\/03\/20\/des-lachens-letzter-sommer\/","title":{"rendered":"Des Lachens letzter Sommer"},"content":{"rendered":"<p class=\"has-small-font-size\">Nach Hohelied Kap.2<br>10.7.2006 Hochspeyer<\/p>\n\n\n\n<p>Oh Feuerkind, wo suchst du dein Gl\u00fcck?<br>Siehe, der Winter ist vor\u00fcber<br>Und der Regen ist gegangen.<br>Es ist die Zeit der V\u00f6gel,<br>Die der Taube ist gekommen.<br>Der Himmel, er ist wolkenlos;<br>Es ist des Lachens letzter Sommer.<\/p>\n\n\n\n<p>Oh Feuerkind, was schl\u00e4gt in deiner Brust?<br>Siehe, du bist auf der Flucht<br>Vor dieser lieblichen Gestalt.<br>Die Linke sehnt nach ihrem Haupt,<br>Wen sonst soll deine Rechte halten?<br>Oh, erwecke nicht die Liebe,<br>Bis es ihr gef\u00e4llt.<br><br>Oh Feuerkind, oh Feuerkind, schau\u2019 nicht zur\u00fcck.<br>Siehe, gestern ist die Zukunft,<br>Die dich und deinen Mut zerbrach,<br>Denn das L\u00e4cheln deines Herzens<br>K\u00e4mpfte mit zu vielen Schmerzen.<br>Der Himmel, er war wolkenlos;<br>Es war des Lachens letzter Sommer.<\/p>","protected":false},"excerpt":{"rendered":"<p>Nach Hohelied Kap.210.7.2006 Hochspeyer Oh Feuerkind, wo suchst du dein Gl\u00fcck?Siehe, der Winter ist vor\u00fcberUnd der Regen ist gegangen.Es ist die Zeit der V\u00f6gel,Die der Taube ist gekommen.Der Himmel, er ist wolkenlos;Es ist des Lachens letzter Sommer. Oh Feuerkind, was schl\u00e4gt in deiner Brust?Siehe, du bist auf der FluchtVor dieser lieblichen Gestalt.Die Linke sehnt nach [&hellip;]<\/p>","protected":false},"author":1,"featured_media":0,"comment_status":"closed","ping_status":"closed","sticky":false,"template":"","format":"standard","meta":{"footnotes":""},"categories":[63],"tags":[84],"class_list":["post-9241","post","type-post","status-publish","format-standard","hentry","category-band-2-jahreszeiten-der-hoffnung","tag-84"],"_links":{"self":[{"href":"https:\/\/balzarini.art\/en\/wp-json\/wp\/v2\/posts\/9241","targetHints":{"allow":["GET"]}}],"collection":[{"href":"https:\/\/balzarini.art\/en\/wp-json\/wp\/v2\/posts"}],"about":[{"href":"https:\/\/balzarini.art\/en\/wp-json\/wp\/v2\/types\/post"}],"author":[{"embeddable":true,"href":"https:\/\/balzarini.art\/en\/wp-json\/wp\/v2\/users\/1"}],"replies":[{"embeddable":true,"href":"https:\/\/balzarini.art\/en\/wp-json\/wp\/v2\/comments?post=9241"}],"version-history":[{"count":2,"href":"https:\/\/balzarini.art\/en\/wp-json\/wp\/v2\/posts\/9241\/revisions"}],"predecessor-version":[{"id":9288,"href":"https:\/\/balzarini.art\/en\/wp-json\/wp\/v2\/posts\/9241\/revisions\/9288"}],"wp:attachment":[{"href":"https:\/\/balzarini.art\/en\/wp-json\/wp\/v2\/media?parent=9241"}],"wp:term":[{"taxonomy":"category","embeddable":true,"href":"https:\/\/balzarini.art\/en\/wp-json\/wp\/v2\/categories?post=9241"},{"taxonomy":"post_tag","embeddable":true,"href":"https:\/\/balzarini.art\/en\/wp-json\/wp\/v2\/tags?post=9241"}],"curies":[{"name":"wp","href":"https:\/\/api.w.org\/{rel}","templated":true}]}}