{"id":9213,"date":"2025-03-13T17:42:21","date_gmt":"2025-03-13T17:42:21","guid":{"rendered":"https:\/\/balzarini.art\/?p=9213"},"modified":"2025-04-24T15:36:27","modified_gmt":"2025-04-24T15:36:27","slug":"die-rose-und-der-baum","status":"publish","type":"post","link":"https:\/\/balzarini.art\/en\/2025\/03\/13\/die-rose-und-der-baum\/","title":{"rendered":"Die Rose und der Baum"},"content":{"rendered":"<p class=\"has-small-font-size\">30.3.2006 AMS<\/p>\n\n\n\n<p>Einst ging ich her auf einem Pfad<br>In einem wohlbekannten Land<br>Und hatt\u2019, da ich sie mir gekauft,<br>Eine Rose in der Hand.<\/p>\n\n\n\n<p>Nach einer Weile sah ich nun,<br>Einen Baum am Wege stehen.<br>Er war von wundersch\u00f6ner Art,<br>so konnt\u2019 ich nicht vor\u00fcbergehen.<br><br>Also hielt ich inne dort<br>Und trat zum sch\u00f6nen Baume hin.<br>Ich machte einen kleinen Knicks,<br>Nahm meinen Hut und gr\u00fcsste ihn.<\/p>\n\n\n\n<p>\u201eIch will dir meine Rose schenken,<br>Die ich nur f\u00fcr dich erworben,<br>Denn bald schon wird es Winter sein,<br>Und deine Bl\u00fcten sind verdorben\u201c,<\/p>\n\n\n\n<p>Sprach ich zu ihm mit lauter Stimm<br>Und hielt die Rose ihm entgegen.<br>Doch neigte sich der Baum mir zu<br>Und sagte leise und verlegen:<\/p>\n\n\n\n<p>\u201eLeider fehlt mir eine Nase,<br>Mit welcher ich sie riechen k\u00f6nnt,<br>Noch ist es \u2013 mangels zweier Augen \u2013<br>Sie zu sehen mir verg\u00f6nnt.\u201c<\/p>\n\n\n\n<p>Ich war sehr traurig und betr\u00fcbt;<br>Mein Herz war voller Bitterkeit,<br>Denn die Rose, die ich hielt,<br>War diesem Baum allein geweiht.<br><br>So ging ich weiter durch das Land.<br>Doch mied ich fortan jenen Ort.<br>Die Rose hab\u2019 ich immer noch,<br>Doch ihre Bl\u00e4tter sind verdorrt.<br><\/p>","protected":false},"excerpt":{"rendered":"<p>30.3.2006 AMS Einst ging ich her auf einem PfadIn einem wohlbekannten LandUnd hatt\u2019, da ich sie mir gekauft,Eine Rose in der Hand. Nach einer Weile sah ich nun,Einen Baum am Wege stehen.Er war von wundersch\u00f6ner Art,so konnt\u2019 ich nicht vor\u00fcbergehen. Also hielt ich inne dortUnd trat zum sch\u00f6nen Baume hin.Ich machte einen kleinen Knicks,Nahm meinen [&hellip;]<\/p>","protected":false},"author":1,"featured_media":0,"comment_status":"closed","ping_status":"closed","sticky":false,"template":"","format":"standard","meta":{"footnotes":""},"categories":[63],"tags":[78],"class_list":["post-9213","post","type-post","status-publish","format-standard","hentry","category-band-2-jahreszeiten-der-hoffnung","tag-78"],"_links":{"self":[{"href":"https:\/\/balzarini.art\/en\/wp-json\/wp\/v2\/posts\/9213","targetHints":{"allow":["GET"]}}],"collection":[{"href":"https:\/\/balzarini.art\/en\/wp-json\/wp\/v2\/posts"}],"about":[{"href":"https:\/\/balzarini.art\/en\/wp-json\/wp\/v2\/types\/post"}],"author":[{"embeddable":true,"href":"https:\/\/balzarini.art\/en\/wp-json\/wp\/v2\/users\/1"}],"replies":[{"embeddable":true,"href":"https:\/\/balzarini.art\/en\/wp-json\/wp\/v2\/comments?post=9213"}],"version-history":[{"count":1,"href":"https:\/\/balzarini.art\/en\/wp-json\/wp\/v2\/posts\/9213\/revisions"}],"predecessor-version":[{"id":9214,"href":"https:\/\/balzarini.art\/en\/wp-json\/wp\/v2\/posts\/9213\/revisions\/9214"}],"wp:attachment":[{"href":"https:\/\/balzarini.art\/en\/wp-json\/wp\/v2\/media?parent=9213"}],"wp:term":[{"taxonomy":"category","embeddable":true,"href":"https:\/\/balzarini.art\/en\/wp-json\/wp\/v2\/categories?post=9213"},{"taxonomy":"post_tag","embeddable":true,"href":"https:\/\/balzarini.art\/en\/wp-json\/wp\/v2\/tags?post=9213"}],"curies":[{"name":"wp","href":"https:\/\/api.w.org\/{rel}","templated":true}]}}