{"id":9165,"date":"2025-03-10T20:04:08","date_gmt":"2025-03-10T20:04:08","guid":{"rendered":"https:\/\/balzarini.art\/?p=9165"},"modified":"2025-03-10T20:04:10","modified_gmt":"2025-03-10T20:04:10","slug":"spiegelbild","status":"publish","type":"post","link":"https:\/\/balzarini.art\/en\/2025\/03\/10\/spiegelbild\/","title":{"rendered":"Spiegelbild"},"content":{"rendered":"<p><sup>23.11.05 AMS<\/sup><\/p>\n\n\n\n<p>H\u00f6rt mich nicht, der alles h\u00f6rt?<br>Sieht mich nicht, der alles sieht?<br>Es schreit mein Spiegelbild mir zu:<br>\u201eErwach, erwach, \u2019s ist lange Tag!\u201c<\/p>\n\n\n\n<p>Niemand sagt, was alle h\u00f6ren.<br>Niemand ist, was alle sehen.<br>Wer tr\u00e4gt den Stachel, der mich sticht?<br>Wer wandert nicht auf meinen Wegen?<br>Wer weiss schon, dass ich selbst es bin?<\/p>\n\n\n\n<p>H\u00f6rt mich nicht, der alles h\u00f6rt?<br>Sieht mich nicht, der alles sieht?<br>Es schreit mein Spiegelbild mir zu:<br>\u201eErwach, erwach, \u2019s ist lange Tag!\u201c<br>\u201eErwach, erwach, \u2019s ist lange Tag!\u201c<br>Wer weiss schon, ja, wer weiss es schon,<br>Wann mein Aug\u2019 sich \u00f6ffnen mag?<\/p>","protected":false},"excerpt":{"rendered":"<p>23.11.05 AMS H\u00f6rt mich nicht, der alles h\u00f6rt?Sieht mich nicht, der alles sieht?Es schreit mein Spiegelbild mir zu:\u201eErwach, erwach, \u2019s ist lange Tag!\u201c Niemand sagt, was alle h\u00f6ren.Niemand ist, was alle sehen.Wer tr\u00e4gt den Stachel, der mich sticht?Wer wandert nicht auf meinen Wegen?Wer weiss schon, dass ich selbst es bin? H\u00f6rt mich nicht, der alles [&hellip;]<\/p>","protected":false},"author":2,"featured_media":0,"comment_status":"open","ping_status":"open","sticky":false,"template":"","format":"standard","meta":{"footnotes":""},"categories":[60],"tags":[],"class_list":["post-9165","post","type-post","status-publish","format-standard","hentry","category-band-1-blaetterbaum"],"_links":{"self":[{"href":"https:\/\/balzarini.art\/en\/wp-json\/wp\/v2\/posts\/9165","targetHints":{"allow":["GET"]}}],"collection":[{"href":"https:\/\/balzarini.art\/en\/wp-json\/wp\/v2\/posts"}],"about":[{"href":"https:\/\/balzarini.art\/en\/wp-json\/wp\/v2\/types\/post"}],"author":[{"embeddable":true,"href":"https:\/\/balzarini.art\/en\/wp-json\/wp\/v2\/users\/2"}],"replies":[{"embeddable":true,"href":"https:\/\/balzarini.art\/en\/wp-json\/wp\/v2\/comments?post=9165"}],"version-history":[{"count":1,"href":"https:\/\/balzarini.art\/en\/wp-json\/wp\/v2\/posts\/9165\/revisions"}],"predecessor-version":[{"id":9166,"href":"https:\/\/balzarini.art\/en\/wp-json\/wp\/v2\/posts\/9165\/revisions\/9166"}],"wp:attachment":[{"href":"https:\/\/balzarini.art\/en\/wp-json\/wp\/v2\/media?parent=9165"}],"wp:term":[{"taxonomy":"category","embeddable":true,"href":"https:\/\/balzarini.art\/en\/wp-json\/wp\/v2\/categories?post=9165"},{"taxonomy":"post_tag","embeddable":true,"href":"https:\/\/balzarini.art\/en\/wp-json\/wp\/v2\/tags?post=9165"}],"curies":[{"name":"wp","href":"https:\/\/api.w.org\/{rel}","templated":true}]}}