{"id":9092,"date":"2025-03-06T15:48:14","date_gmt":"2025-03-06T15:48:14","guid":{"rendered":"https:\/\/balzarini.art\/?p=9092"},"modified":"2025-03-10T19:59:29","modified_gmt":"2025-03-10T19:59:29","slug":"einst-war-es-tag","status":"publish","type":"post","link":"https:\/\/balzarini.art\/en\/2025\/03\/06\/einst-war-es-tag\/","title":{"rendered":"Einst war es Tag"},"content":{"rendered":"<p><sup>F\u00fcr Christoph, 2005<\/sup><\/p>\n\n\n\n<p>Einst war es Tag<br>Und die W\u00e4rme des Tages lag mir im Sinn.<br>Ich wandelte mit einem Menschen,<br>Naschte die Fr\u00fcchte des ewigen Himmels.<\/p>\n\n\n\n<p>Einst war es Tag<br>Und ein Mensch war erhaben mit mir.<br>Einen Fluss der W\u00e4rme zu unseren F\u00fcssen,<br>Wateten wir im Wald der Worte.<\/p>\n\n\n\n<p>Einst war es Tag<br>Und nichts war als der Wald,<br>Und die Worte, und der Fluss,<br>Nichts als die W\u00e4rme eines Menschen.<\/p>\n\n\n\n<p>Einst war es Tag<br>Und die W\u00e4rme des Tages lag mir im Sinn.<\/p>\n\n\n\n<p><\/p>","protected":false},"excerpt":{"rendered":"<p>F\u00fcr Christoph, 2005 Einst war es TagUnd die W\u00e4rme des Tages lag mir im Sinn.Ich wandelte mit einem Menschen,Naschte die Fr\u00fcchte des ewigen Himmels. Einst war es TagUnd ein Mensch war erhaben mit mir.Einen Fluss der W\u00e4rme zu unseren F\u00fcssen,Wateten wir im Wald der Worte. Einst war es TagUnd nichts war als der Wald,Und die [&hellip;]<\/p>","protected":false},"author":2,"featured_media":0,"comment_status":"open","ping_status":"open","sticky":false,"template":"","format":"standard","meta":{"footnotes":""},"categories":[60],"tags":[],"class_list":["post-9092","post","type-post","status-publish","format-standard","hentry","category-band-1-blaetterbaum"],"_links":{"self":[{"href":"https:\/\/balzarini.art\/en\/wp-json\/wp\/v2\/posts\/9092","targetHints":{"allow":["GET"]}}],"collection":[{"href":"https:\/\/balzarini.art\/en\/wp-json\/wp\/v2\/posts"}],"about":[{"href":"https:\/\/balzarini.art\/en\/wp-json\/wp\/v2\/types\/post"}],"author":[{"embeddable":true,"href":"https:\/\/balzarini.art\/en\/wp-json\/wp\/v2\/users\/2"}],"replies":[{"embeddable":true,"href":"https:\/\/balzarini.art\/en\/wp-json\/wp\/v2\/comments?post=9092"}],"version-history":[{"count":7,"href":"https:\/\/balzarini.art\/en\/wp-json\/wp\/v2\/posts\/9092\/revisions"}],"predecessor-version":[{"id":9158,"href":"https:\/\/balzarini.art\/en\/wp-json\/wp\/v2\/posts\/9092\/revisions\/9158"}],"wp:attachment":[{"href":"https:\/\/balzarini.art\/en\/wp-json\/wp\/v2\/media?parent=9092"}],"wp:term":[{"taxonomy":"category","embeddable":true,"href":"https:\/\/balzarini.art\/en\/wp-json\/wp\/v2\/categories?post=9092"},{"taxonomy":"post_tag","embeddable":true,"href":"https:\/\/balzarini.art\/en\/wp-json\/wp\/v2\/tags?post=9092"}],"curies":[{"name":"wp","href":"https:\/\/api.w.org\/{rel}","templated":true}]}}